{"id":87,"date":"2010-09-10T00:00:04","date_gmt":"2010-09-09T22:00:04","guid":{"rendered":"http:\/\/rohweder.org\/foto\/?p=87"},"modified":"2014-02-27T20:19:32","modified_gmt":"2014-02-27T19:19:32","slug":"danach","status":"publish","type":"post","link":"https:\/\/rohweder.org\/foto\/2010\/09\/10\/danach\/","title":{"rendered":"Danach."},"content":{"rendered":"<p><a href=\"https:\/\/rohweder.org\/foto\/wp-content\/uploads\/2010\/09\/CRO_0463.jpg\"><img loading=\"lazy\" decoding=\"async\" class=\"aligncenter size-large wp-image-83\" alt=\"Danach.\" src=\"https:\/\/rohweder.org\/foto\/wp-content\/uploads\/2010\/09\/CRO_0463-494x328.jpg\" width=\"494\" height=\"328\" srcset=\"https:\/\/rohweder.org\/foto\/wp-content\/uploads\/2010\/09\/CRO_0463-494x328.jpg 494w, https:\/\/rohweder.org\/foto\/wp-content\/uploads\/2010\/09\/CRO_0463-188x125.jpg 188w, https:\/\/rohweder.org\/foto\/wp-content\/uploads\/2010\/09\/CRO_0463.jpg 800w\" sizes=\"auto, (max-width: 494px) 100vw, 494px\" \/><\/a><\/p>\n<p>Es gibt ja so einige &#8222;danachs&#8220; wie beispielsweise die ber\u00fchmte &#8222;Zigarette danach&#8220; &#8211; wobei ich nie verstehen werde was daran so toll ist, aber gut, ich z\u00e4hle mich auch zu der nichtrauchenden Fraktion. Dieses &#8222;danach&#8220; ist nach einem Ausstellungsbesuch entstanden. Nicht irgendeine Ausstellung, sondern die &#8222;Retrosprektive&#8220; von Steve McCurry. Die verweilte n\u00e4mlich im vergangenen Jahr eine Zeit lang im Stadtmuseum in Schleswig. Und wenn man schon mal von einem so gro\u00dfartigen Fotografen Bilder quasi vor der T\u00fcr serviert bekommt, dann muss man ich dahin.<\/p>\n<p>Es war ein toller Eindruck, spannend und auch sehr interessant. Einerseits die j\u00fcngeren Werke zu sehen, die digital entstanden sind, andererseits im direkten Vergleich die Bilder aus analogen Zeiten. Teilweise deutlich \u00e4lteres Material, was man der technischen Qualit\u00e4t auch ansah. Was aber dem Motiv als solche keinen Abbruch tat. Nat\u00fcrlich hing in der Ausstellung sein wohl ber\u00fchmtestes Werk, das Foto mit dem afghanischen M\u00e4dchen. Aber auch ein anderes Foto ist mir im Kopf geblieben. Das Bild von einem Schneider, der w\u00e4hrend einer Flut seine Existenz in Form einer alten PFAFF-N\u00e4hmaschine rettete. Es gibt Ger\u00fcchte die besagen, die Firma PFAFF h\u00e4tte dem guten Mann eine neue Maschine geschenkt.<\/p>\n<p>Die Tasse dort oben ist nat\u00fcrlich nicht so spektakul\u00e4r wie die Fotos von McCurry. Es entstand direkt im Anschluss an den Ausstellungsbesuch im Museumscaf\u00e9, wo ich mir einfach eine gro\u00dfe Tasse Milchkaffee geg\u00f6nnt und im Geiste noch einmal die Eindr\u00fccke der Ausstellung sortiert habe.<\/p>\n","protected":false},"excerpt":{"rendered":"<p>Es gibt ja so einige &#8222;danachs&#8220; wie beispielsweise die ber\u00fchmte &#8222;Zigarette danach&#8220; &#8211; wobei ich nie verstehen werde was daran so toll ist, aber gut, ich z\u00e4hle mich auch zu der nichtrauchenden Fraktion. Dieses &#8222;danach&#8220; ist nach einem Ausstellungsbesuch entstanden. Nicht irgendeine Ausstellung, sondern die &#8222;Retrosprektive&#8220; von Steve McCurry. Die verweilte n\u00e4mlich im vergangenen Jahr [&hellip;]<\/p>\n","protected":false},"author":1,"featured_media":83,"comment_status":"open","ping_status":"open","sticky":false,"template":"","format":"standard","meta":{"jetpack_post_was_ever_published":false,"_jetpack_newsletter_access":"","_jetpack_dont_email_post_to_subs":false,"_jetpack_newsletter_tier_id":0,"_jetpack_memberships_contains_paywalled_content":false,"_jetpack_memberships_contains_paid_content":false,"footnotes":"","jetpack_publicize_message":"","jetpack_publicize_feature_enabled":true,"jetpack_social_post_already_shared":false,"jetpack_social_options":{"image_generator_settings":{"template":"highway","default_image_id":0,"font":"","enabled":false},"version":2}},"categories":[9],"tags":[14,4],"class_list":["post-87","post","type-post","status-publish","format-standard","has-post-thumbnail","hentry","category-stills-co","tag-nikkor-24-120mm-f3-5-5-6","tag-nikon-d700"],"jetpack_publicize_connections":[],"jetpack_featured_media_url":"https:\/\/rohweder.org\/foto\/wp-content\/uploads\/2010\/09\/CRO_0463.jpg","jetpack_shortlink":"https:\/\/wp.me\/s14874-danach","jetpack_sharing_enabled":true,"_links":{"self":[{"href":"https:\/\/rohweder.org\/foto\/wp-json\/wp\/v2\/posts\/87","targetHints":{"allow":["GET"]}}],"collection":[{"href":"https:\/\/rohweder.org\/foto\/wp-json\/wp\/v2\/posts"}],"about":[{"href":"https:\/\/rohweder.org\/foto\/wp-json\/wp\/v2\/types\/post"}],"author":[{"embeddable":true,"href":"https:\/\/rohweder.org\/foto\/wp-json\/wp\/v2\/users\/1"}],"replies":[{"embeddable":true,"href":"https:\/\/rohweder.org\/foto\/wp-json\/wp\/v2\/comments?post=87"}],"version-history":[{"count":5,"href":"https:\/\/rohweder.org\/foto\/wp-json\/wp\/v2\/posts\/87\/revisions"}],"predecessor-version":[{"id":508,"href":"https:\/\/rohweder.org\/foto\/wp-json\/wp\/v2\/posts\/87\/revisions\/508"}],"wp:featuredmedia":[{"embeddable":true,"href":"https:\/\/rohweder.org\/foto\/wp-json\/wp\/v2\/media\/83"}],"wp:attachment":[{"href":"https:\/\/rohweder.org\/foto\/wp-json\/wp\/v2\/media?parent=87"}],"wp:term":[{"taxonomy":"category","embeddable":true,"href":"https:\/\/rohweder.org\/foto\/wp-json\/wp\/v2\/categories?post=87"},{"taxonomy":"post_tag","embeddable":true,"href":"https:\/\/rohweder.org\/foto\/wp-json\/wp\/v2\/tags?post=87"}],"curies":[{"name":"wp","href":"https:\/\/api.w.org\/{rel}","templated":true}]}}