{"id":403,"date":"2013-04-07T22:43:00","date_gmt":"2013-04-07T20:43:00","guid":{"rendered":"http:\/\/rohweder.org\/foto\/?p=403"},"modified":"2014-02-27T19:53:36","modified_gmt":"2014-02-27T18:53:36","slug":"kieler-forde","status":"publish","type":"post","link":"https:\/\/rohweder.org\/foto\/2013\/04\/07\/kieler-forde\/","title":{"rendered":"Kieler F\u00f6rde"},"content":{"rendered":"<p><a href=\"https:\/\/rohweder.org\/foto\/wp-content\/uploads\/2013\/04\/DSC02253.jpg\"><img loading=\"lazy\" decoding=\"async\" class=\"aligncenter size-large wp-image-404\" alt=\"Kiel Fjord.\" src=\"https:\/\/rohweder.org\/foto\/wp-content\/uploads\/2013\/04\/DSC02253-494x328.jpg\" width=\"494\" height=\"328\" srcset=\"https:\/\/rohweder.org\/foto\/wp-content\/uploads\/2013\/04\/DSC02253-494x328.jpg 494w, https:\/\/rohweder.org\/foto\/wp-content\/uploads\/2013\/04\/DSC02253-288x191.jpg 288w, https:\/\/rohweder.org\/foto\/wp-content\/uploads\/2013\/04\/DSC02253-800x531.jpg 800w, https:\/\/rohweder.org\/foto\/wp-content\/uploads\/2013\/04\/DSC02253.jpg 1500w\" sizes=\"auto, (max-width: 494px) 100vw, 494px\" \/><\/a><\/p>\n<p>Ich mag meine Heimat. Ich mag das Wasser, die Weite die wir hier am Meer erleben d\u00fcrfen und die Luft, die hier wohl einzigartig ist. F\u00fcr uns ist das an sich etwas t\u00e4gliches, aber manchmal wird man auch wieder daran erinnert. Das war heute der Fall, als ich vom Auto zum F\u00f6rdeufer ging und mir der Wind den Salzgeruch f\u00f6rmlich in die Nase dr\u00fcckte. Es war nur ein Moment, ein Gedanke der mir durch den Kopf schoss: hier geh\u00f6re ich hin.<\/p>\n<p>Blick vom Ostufer der Kieler F\u00f6rde in Richtung Einfahrt des Nord-Ostsee-Kanals, der meistbefahrenen Wasserstrasse der Welt.<\/p>\n","protected":false},"excerpt":{"rendered":"<p>Ich mag meine Heimat. Ich mag das Wasser, die Weite die wir hier am Meer erleben d\u00fcrfen und die Luft, die hier wohl einzigartig ist. F\u00fcr uns ist das an sich etwas t\u00e4gliches, aber manchmal wird man auch wieder daran erinnert. Das war heute der Fall, als ich vom Auto zum F\u00f6rdeufer ging und mir [&hellip;]<\/p>\n","protected":false},"author":1,"featured_media":404,"comment_status":"open","ping_status":"open","sticky":false,"template":"","format":"standard","meta":{"jetpack_post_was_ever_published":false,"_jetpack_newsletter_access":"","_jetpack_dont_email_post_to_subs":false,"_jetpack_newsletter_tier_id":0,"_jetpack_memberships_contains_paywalled_content":false,"_jetpack_memberships_contains_paid_content":false,"footnotes":"","jetpack_publicize_message":"","jetpack_publicize_feature_enabled":true,"jetpack_social_post_already_shared":true,"jetpack_social_options":{"image_generator_settings":{"template":"highway","default_image_id":0,"font":"","enabled":false},"version":2}},"categories":[6],"tags":[21,20],"class_list":["post-403","post","type-post","status-publish","format-standard","has-post-thumbnail","hentry","category-landschaft-natur","tag-selp-1650","tag-sony-nex-6"],"jetpack_publicize_connections":[],"jetpack_featured_media_url":"https:\/\/rohweder.org\/foto\/wp-content\/uploads\/2013\/04\/DSC02253.jpg","jetpack_shortlink":"https:\/\/wp.me\/p14874-6v","jetpack_sharing_enabled":true,"_links":{"self":[{"href":"https:\/\/rohweder.org\/foto\/wp-json\/wp\/v2\/posts\/403","targetHints":{"allow":["GET"]}}],"collection":[{"href":"https:\/\/rohweder.org\/foto\/wp-json\/wp\/v2\/posts"}],"about":[{"href":"https:\/\/rohweder.org\/foto\/wp-json\/wp\/v2\/types\/post"}],"author":[{"embeddable":true,"href":"https:\/\/rohweder.org\/foto\/wp-json\/wp\/v2\/users\/1"}],"replies":[{"embeddable":true,"href":"https:\/\/rohweder.org\/foto\/wp-json\/wp\/v2\/comments?post=403"}],"version-history":[{"count":2,"href":"https:\/\/rohweder.org\/foto\/wp-json\/wp\/v2\/posts\/403\/revisions"}],"predecessor-version":[{"id":446,"href":"https:\/\/rohweder.org\/foto\/wp-json\/wp\/v2\/posts\/403\/revisions\/446"}],"wp:featuredmedia":[{"embeddable":true,"href":"https:\/\/rohweder.org\/foto\/wp-json\/wp\/v2\/media\/404"}],"wp:attachment":[{"href":"https:\/\/rohweder.org\/foto\/wp-json\/wp\/v2\/media?parent=403"}],"wp:term":[{"taxonomy":"category","embeddable":true,"href":"https:\/\/rohweder.org\/foto\/wp-json\/wp\/v2\/categories?post=403"},{"taxonomy":"post_tag","embeddable":true,"href":"https:\/\/rohweder.org\/foto\/wp-json\/wp\/v2\/tags?post=403"}],"curies":[{"name":"wp","href":"https:\/\/api.w.org\/{rel}","templated":true}]}}