{"id":162,"date":"2010-09-28T10:20:31","date_gmt":"2010-09-28T08:20:31","guid":{"rendered":"http:\/\/rohweder.org\/foto\/?p=162"},"modified":"2014-02-27T20:07:46","modified_gmt":"2014-02-27T19:07:46","slug":"nachwuchs","status":"publish","type":"post","link":"https:\/\/rohweder.org\/foto\/2010\/09\/28\/nachwuchs\/","title":{"rendered":"Nachwuchs."},"content":{"rendered":"<p><a href=\"https:\/\/rohweder.org\/foto\/wp-content\/uploads\/2010\/09\/CRO_3140.jpg\"><img loading=\"lazy\" decoding=\"async\" class=\"aligncenter size-large wp-image-163\" alt=\"CRO_3140\" src=\"https:\/\/rohweder.org\/foto\/wp-content\/uploads\/2010\/09\/CRO_3140-494x328.jpg\" width=\"494\" height=\"328\" srcset=\"https:\/\/rohweder.org\/foto\/wp-content\/uploads\/2010\/09\/CRO_3140-494x328.jpg 494w, https:\/\/rohweder.org\/foto\/wp-content\/uploads\/2010\/09\/CRO_3140-188x125.jpg 188w, https:\/\/rohweder.org\/foto\/wp-content\/uploads\/2010\/09\/CRO_3140.jpg 800w\" sizes=\"auto, (max-width: 494px) 100vw, 494px\" \/><\/a><\/p>\n<p>&#8222;Wir sind wie die M\u00fcllabfuhr, nur lauter.&#8220; Das waren die Worte eines Feuerwehrmannes, mit dem ich vor l\u00e4ngerer Zeit \u00fcber die Wahrnehmung der Feuerwehr in der \u00d6ffentlichkeit sprach. Nun, etwas Wahres ist vielleicht dran, aber eher so in Richtung &#8222;aus den Augen, aus dem Sinn&#8220;.<\/p>\n<p>Zugegeben, vor meiner T\u00e4tigkeit f\u00fcr Radio 112 ging es mir nicht anders. \u00dcber die Feuerwehr habe ich nicht gro\u00df nachgedacht, weder \u00fcber das was sie leistet, noch \u00fcber ihre Sorgen. Heute bin ich daf\u00fcr nat\u00fcrlich mehr sensibilisiert als vorher und gehe bewu\u00dfter mit dem Thema um. Eines der &#8222;Sorgenkinder&#8220; ist der Nachwuchs. In Zeiten von Playstation und Co ist es nicht immer einfach Nachwuchs zu finden. Obwohl die Anzahl der Mitglieder in den Jugendfeuerwehren zum Gl\u00fcck langsam, aber stetig w\u00e4chst. Und mit ihr auch die Anzahl derer, die sp\u00e4ter in den Einsatzdienst wechseln. Die Jugendfeuerwehren sind ein wichtiges Standbein f\u00fcr die Zukunftsplanung und die Arbeit in den Jugendwehren geht weit \u00fcber das Feuerwehr-ABC hinaus.<\/p>\n<p>M\u00e4dchen sind \u00fcbrigens in den Jugendwehren genauso willkommen wir Jungs. Und immerhin acht Prozent der Feuerwehrleute in Deutschland sind weiblich, Tendenz steigend.<\/p>\n","protected":false},"excerpt":{"rendered":"<p>&#8222;Wir sind wie die M\u00fcllabfuhr, nur lauter.&#8220; Das waren die Worte eines Feuerwehrmannes, mit dem ich vor l\u00e4ngerer Zeit \u00fcber die Wahrnehmung der Feuerwehr in der \u00d6ffentlichkeit sprach. Nun, etwas Wahres ist vielleicht dran, aber eher so in Richtung &#8222;aus den Augen, aus dem Sinn&#8220;. Zugegeben, vor meiner T\u00e4tigkeit f\u00fcr Radio 112 ging es mir [&hellip;]<\/p>\n","protected":false},"author":1,"featured_media":163,"comment_status":"open","ping_status":"open","sticky":false,"template":"","format":"standard","meta":{"jetpack_post_was_ever_published":false,"_jetpack_newsletter_access":"","_jetpack_dont_email_post_to_subs":false,"_jetpack_newsletter_tier_id":0,"_jetpack_memberships_contains_paywalled_content":false,"_jetpack_memberships_contains_paid_content":false,"footnotes":"","jetpack_publicize_message":"","jetpack_publicize_feature_enabled":true,"jetpack_social_post_already_shared":false,"jetpack_social_options":{"image_generator_settings":{"template":"highway","default_image_id":0,"font":"","enabled":false},"version":2}},"categories":[7],"tags":[4,5],"class_list":["post-162","post","type-post","status-publish","format-standard","has-post-thumbnail","hentry","category-portrait-manner","tag-nikon-d700","tag-tamron-70-200mm-f2-8"],"jetpack_publicize_connections":[],"jetpack_featured_media_url":"https:\/\/rohweder.org\/foto\/wp-content\/uploads\/2010\/09\/CRO_3140.jpg","jetpack_shortlink":"https:\/\/wp.me\/p14874-2C","jetpack_sharing_enabled":true,"_links":{"self":[{"href":"https:\/\/rohweder.org\/foto\/wp-json\/wp\/v2\/posts\/162","targetHints":{"allow":["GET"]}}],"collection":[{"href":"https:\/\/rohweder.org\/foto\/wp-json\/wp\/v2\/posts"}],"about":[{"href":"https:\/\/rohweder.org\/foto\/wp-json\/wp\/v2\/types\/post"}],"author":[{"embeddable":true,"href":"https:\/\/rohweder.org\/foto\/wp-json\/wp\/v2\/users\/1"}],"replies":[{"embeddable":true,"href":"https:\/\/rohweder.org\/foto\/wp-json\/wp\/v2\/comments?post=162"}],"version-history":[{"count":3,"href":"https:\/\/rohweder.org\/foto\/wp-json\/wp\/v2\/posts\/162\/revisions"}],"predecessor-version":[{"id":482,"href":"https:\/\/rohweder.org\/foto\/wp-json\/wp\/v2\/posts\/162\/revisions\/482"}],"wp:featuredmedia":[{"embeddable":true,"href":"https:\/\/rohweder.org\/foto\/wp-json\/wp\/v2\/media\/163"}],"wp:attachment":[{"href":"https:\/\/rohweder.org\/foto\/wp-json\/wp\/v2\/media?parent=162"}],"wp:term":[{"taxonomy":"category","embeddable":true,"href":"https:\/\/rohweder.org\/foto\/wp-json\/wp\/v2\/categories?post=162"},{"taxonomy":"post_tag","embeddable":true,"href":"https:\/\/rohweder.org\/foto\/wp-json\/wp\/v2\/tags?post=162"}],"curies":[{"name":"wp","href":"https:\/\/api.w.org\/{rel}","templated":true}]}}